{"id":3916,"date":"2026-03-13T10:46:48","date_gmt":"2026-03-13T09:46:48","guid":{"rendered":"https:\/\/seeburger-sv99.de\/web\/?p=3916"},"modified":"2026-03-13T10:48:34","modified_gmt":"2026-03-13T09:48:34","slug":"23-seeburger-feld-wald-und-wiesenlauf","status":"publish","type":"post","link":"https:\/\/seeburger-sv99.de\/web\/23-seeburger-feld-wald-und-wiesenlauf\/","title":{"rendered":"23. Seeburger Feld-, Wald- und Wiesenlauf"},"content":{"rendered":"\n<p>Der Start f\u00fcr Einzell\u00e4ufer und Gruppen sowie Walker \u00fcber 5,6 km ist am 07.06.2026 um 11:00 Uhr auf dem Sportplatz in 14624 Seeburg, Staakener Weg 3f. Ab 9:30 Uhr k\u00f6nnen vor Ort noch Nachmeldungen get\u00e4tigt werden.<\/p>\n\n\n\n<p>An dem Lauf durch Felder, Wald und Wiesen mit Mohn- und Kornblumen an der Laufstrecke durch die sch\u00f6ne Natur von Seeburg nehmen ganze Familien teil. Hier startet auch der Opa mit seinem Enkel. F\u00fcr Leckeres vom Grill und Getr\u00e4nke sorgt der&nbsp;Seeburger SV. Umkleidekabinen und Duschen sind vorhanden.<\/p>\n\n\n\n<p>Wie immer erhalten alle Teilnehmer eine Medaille und die Gewinner Sonderpreise von den Unternehmen AutoService Seelke und Intersport H\u00fcbner im Havelpark.<\/p>\n\n\n\n<p>Infos\/Anmeldung f\u00fcr dieses Naturerlebnis: <\/p>\n\n\n\n<p>Link Einzell\u00e4ufer \u00bb\u00bb\u00bb<a href=\"https:\/\/seeburger-sv99.de\/web\/wp-content\/uploads\/2026\/03\/2026_Anmeldung_FWWLauf_Einzelstarter.pdf\" target=\"_blank\" rel=\"noreferrer noopener\"> ANMELDUNG<\/a><\/p>\n\n\n\n<p>Link Gruppen \u00bb\u00bb\u00bb <a href=\"https:\/\/seeburger-sv99.de\/web\/wp-content\/uploads\/2026\/03\/2026_Anmeldung_FWWLauf_Gruppe.pdf\">ANMELDUNG<\/a><\/p>\n\n\n\n<p>Der Lauf ist Bestandteil des Havelland Cup. \u00bb\u00bb\u00bb <a href=\"https:\/\/seeburger-sv99.de\/web\/wp-content\/uploads\/2026\/03\/Havellandcup-Flyer-2026.pdf\" data-type=\"link\" data-id=\"https:\/\/seeburger-sv99.de\/web\/wp-content\/uploads\/2026\/03\/Havellandcup-Flyer-2026.pdf\" target=\"_blank\" rel=\"noreferrer noopener\">FLYER<\/a><\/p>\n\n\n\n<p><\/p>\n\n\n\n<figure class=\"wp-block-image size-large\"><img loading=\"lazy\" decoding=\"async\" width=\"724\" height=\"1024\" src=\"https:\/\/seeburger-sv99.de\/web\/wp-content\/uploads\/2026\/03\/Flyer-Lauf-2026-1-724x1024.png\" alt=\"\" class=\"wp-image-3917\"\/><\/figure>\n","protected":false},"excerpt":{"rendered":"<p>Der Start f\u00fcr Einzell\u00e4ufer und Gruppen sowie Walker \u00fcber 5,6 km ist am 07.06.2026 um 11:00 Uhr auf dem Sportplatz in 14624 Seeburg, Staakener Weg 3f. Ab 9:30 Uhr k\u00f6nnen vor Ort noch Nachmeldungen get\u00e4tigt werden. An dem Lauf durch Felder, Wald und Wiesen mit Mohn- und Kornblumen an der Laufstrecke durch die sch\u00f6ne Natur [&hellip;]<\/p>\n","protected":false},"author":1,"featured_media":3917,"comment_status":"open","ping_status":"open","sticky":false,"template":"","format":"standard","meta":{"_et_pb_use_builder":"","_et_pb_old_content":"","_et_gb_content_width":"","footnotes":""},"categories":[1],"tags":[],"class_list":["post-3916","post","type-post","status-publish","format-standard","has-post-thumbnail","hentry","category-archiv"],"publishpress_future_action":{"enabled":false,"date":"2026-05-05 14:57:44","action":"change-status","newStatus":"draft","terms":[],"taxonomy":"category","extraData":[]},"publishpress_future_workflow_manual_trigger":{"enabledWorkflows":[]},"_links":{"self":[{"href":"https:\/\/seeburger-sv99.de\/web\/wp-json\/wp\/v2\/posts\/3916","targetHints":{"allow":["GET"]}}],"collection":[{"href":"https:\/\/seeburger-sv99.de\/web\/wp-json\/wp\/v2\/posts"}],"about":[{"href":"https:\/\/seeburger-sv99.de\/web\/wp-json\/wp\/v2\/types\/post"}],"author":[{"embeddable":true,"href":"https:\/\/seeburger-sv99.de\/web\/wp-json\/wp\/v2\/users\/1"}],"replies":[{"embeddable":true,"href":"https:\/\/seeburger-sv99.de\/web\/wp-json\/wp\/v2\/comments?post=3916"}],"version-history":[{"count":5,"href":"https:\/\/seeburger-sv99.de\/web\/wp-json\/wp\/v2\/posts\/3916\/revisions"}],"predecessor-version":[{"id":3926,"href":"https:\/\/seeburger-sv99.de\/web\/wp-json\/wp\/v2\/posts\/3916\/revisions\/3926"}],"wp:featuredmedia":[{"embeddable":true,"href":"https:\/\/seeburger-sv99.de\/web\/wp-json\/wp\/v2\/media\/3917"}],"wp:attachment":[{"href":"https:\/\/seeburger-sv99.de\/web\/wp-json\/wp\/v2\/media?parent=3916"}],"wp:term":[{"taxonomy":"category","embeddable":true,"href":"https:\/\/seeburger-sv99.de\/web\/wp-json\/wp\/v2\/categories?post=3916"},{"taxonomy":"post_tag","embeddable":true,"href":"https:\/\/seeburger-sv99.de\/web\/wp-json\/wp\/v2\/tags?post=3916"}],"curies":[{"name":"wp","href":"https:\/\/api.w.org\/{rel}","templated":true}]}}